{"id":14223,"date":"2025-10-11T12:56:40","date_gmt":"2025-10-11T12:56:40","guid":{"rendered":"https:\/\/niederwennerscheid.de\/?p=14223"},"modified":"2025-10-13T12:34:49","modified_gmt":"2025-10-13T12:34:49","slug":"st-martin","status":"publish","type":"post","link":"https:\/\/niederwennerscheid.de\/?p=14223","title":{"rendered":"St. Martin"},"content":{"rendered":"<p><img loading=\"lazy\" decoding=\"async\" class=\"wp-image-14224 alignleft\" src=\"https:\/\/niederwennerscheid.de\/wp-content\/uploads\/2025\/10\/01_NWS-Logo-293x300.jpg\" alt=\"\" width=\"98\" height=\"101\" srcset=\"https:\/\/niederwennerscheid.de\/wp-content\/uploads\/2025\/10\/01_NWS-Logo-293x300.jpg 293w, https:\/\/niederwennerscheid.de\/wp-content\/uploads\/2025\/10\/01_NWS-Logo-768x786.jpg 768w, https:\/\/niederwennerscheid.de\/wp-content\/uploads\/2025\/10\/01_NWS-Logo.jpg 812w\" sizes=\"auto, (max-width: 98px) 100vw, 98px\" \/>Liebe Kinder,<br \/>\n&nbsp; &nbsp; &nbsp; &nbsp; &nbsp; &nbsp; &nbsp; &nbsp;liebe Niederwennerscheider,<\/p>\n<p style=\"text-align: left;\">der beliebte<\/p>\n<p style=\"text-align: center;\"><span style=\"font-size: 24pt;\">Sankt Martinsumzug<\/span><\/p>\n<p style=\"text-align: center;\">findet am:<br \/>\n<strong>Sonntag, 09. November 2025,<\/strong><br \/>\num <strong>17:30 Uhr<\/strong>, statt<br \/>\n<strong>Treffpunkt<\/strong> ist der <strong>Dorfplatz<\/strong> um <strong>17:15<\/strong> Uhr.<\/p>\n<p>Sankt Martin zu Pferde reitet wie gewohnt vorne weg. Das Tambour Corps Wolperath (TCW) unterst\u00fctzt euch beim Singen. Der Umzug f\u00fchrt durch die Stra\u00dfen Im Perkes, Bitzer Berg, Grasweg, Obere Gasse, Ortsgarten, Ortsbitze, Busch\u00f6hrchen, Eulenweg, Gitzental und endet auf dem Dorfplatz, wo das Martinsfeuer lodert. Wir hoffen, dass die Anlieger am Umzugsweg ihre Fenster und Grundst\u00fccke mit Kerzen und\/oder Laternen beleuchten und die Teilnehmer des St. Martinzuges somit unser Dorf im funkelnden Lichterschein erleben k\u00f6nnen.<img loading=\"lazy\" decoding=\"async\" class=\"size-medium wp-image-14225 alignright\" src=\"https:\/\/niederwennerscheid.de\/wp-content\/uploads\/2025\/10\/Sankt-Martin_10-11-2025_01-300x273.jpg\" alt=\"\" width=\"300\" height=\"273\" srcset=\"https:\/\/niederwennerscheid.de\/wp-content\/uploads\/2025\/10\/Sankt-Martin_10-11-2025_01-300x273.jpg 300w, https:\/\/niederwennerscheid.de\/wp-content\/uploads\/2025\/10\/Sankt-Martin_10-11-2025_01-768x698.jpg 768w, https:\/\/niederwennerscheid.de\/wp-content\/uploads\/2025\/10\/Sankt-Martin_10-11-2025_01.jpg 845w\" sizes=\"auto, (max-width: 300px) 100vw, 300px\" \/><br \/>\nIm Dorfgemeinschaftshaus wird die St. Martinsgeschichte vorgelesen.<br \/>\nKinder k\u00f6nnen dazu warmen Kakao und die Erwachsenen hei\u00dfen Gl\u00fchwein trinken.<br \/>\nAuch werden dann die von Euch bestellten Weckm\u00e4nner ausgegeben!<br \/>\nDanach k\u00f6nnen die Kinder zum Sammeln der S\u00fc\u00dfigkeiten ausschw\u00e4rmen.<br \/>\nDazu viel Erfolg!<\/p>\n<p>&nbsp;<\/p>\n<p>&nbsp;<\/p>\n","protected":false},"excerpt":{"rendered":"<p>Liebe Kinder, &nbsp; &nbsp; &nbsp; &nbsp; &nbsp; &nbsp; &nbsp; &nbsp;liebe Niederwennerscheider, der beliebte Sankt Martinsumzug findet am: Sonntag, 09. November 2025, um 17:30 Uhr, statt Treffpunkt ist der Dorfplatz um 17:15 Uhr. Sankt Martin zu Pferde reitet wie gewohnt vorne &hellip; <a href=\"https:\/\/niederwennerscheid.de\/?p=14223\">Weiterlesen <span class=\"meta-nav\">&rarr;<\/span><\/a><\/p>\n","protected":false},"author":5,"featured_media":0,"comment_status":"closed","ping_status":"closed","sticky":false,"template":"","format":"standard","meta":{"_crdt_document":"","ngg_post_thumbnail":0,"footnotes":""},"categories":[1],"tags":[],"class_list":["post-14223","post","type-post","status-publish","format-standard","hentry","category-allgemein"],"_links":{"self":[{"href":"https:\/\/niederwennerscheid.de\/index.php?rest_route=\/wp\/v2\/posts\/14223","targetHints":{"allow":["GET"]}}],"collection":[{"href":"https:\/\/niederwennerscheid.de\/index.php?rest_route=\/wp\/v2\/posts"}],"about":[{"href":"https:\/\/niederwennerscheid.de\/index.php?rest_route=\/wp\/v2\/types\/post"}],"author":[{"embeddable":true,"href":"https:\/\/niederwennerscheid.de\/index.php?rest_route=\/wp\/v2\/users\/5"}],"replies":[{"embeddable":true,"href":"https:\/\/niederwennerscheid.de\/index.php?rest_route=%2Fwp%2Fv2%2Fcomments&post=14223"}],"version-history":[{"count":4,"href":"https:\/\/niederwennerscheid.de\/index.php?rest_route=\/wp\/v2\/posts\/14223\/revisions"}],"predecessor-version":[{"id":14231,"href":"https:\/\/niederwennerscheid.de\/index.php?rest_route=\/wp\/v2\/posts\/14223\/revisions\/14231"}],"wp:attachment":[{"href":"https:\/\/niederwennerscheid.de\/index.php?rest_route=%2Fwp%2Fv2%2Fmedia&parent=14223"}],"wp:term":[{"taxonomy":"category","embeddable":true,"href":"https:\/\/niederwennerscheid.de\/index.php?rest_route=%2Fwp%2Fv2%2Fcategories&post=14223"},{"taxonomy":"post_tag","embeddable":true,"href":"https:\/\/niederwennerscheid.de\/index.php?rest_route=%2Fwp%2Fv2%2Ftags&post=14223"}],"curies":[{"name":"wp","href":"https:\/\/api.w.org\/{rel}","templated":true}]}}